[{"@context":"https:\/\/schema.org\/","@type":"Article","@id":"https:\/\/www.onna.cz\/kdy-do-duchodu\/#Article","mainEntityOfPage":"https:\/\/www.onna.cz\/kdy-do-duchodu\/","headline":"Kdy do d\u016fchodu","name":"Kdy do d\u016fchodu","description":"Zaj\u00edm\u00e1 v\u00e1s, kdy je to nejlep\u0161\u00ed, odej\u00edt do d\u016fchodu? \u010casto obletovan\u00e1 ot\u00e1zka kdy do d\u016fchodu m\u00e1 pro ka\u017ed\u00e9ho jinou odpov\u011b\u010f, co\u017e pozn\u00e1 ka\u017ed\u00fd, a\u017e jednou bude v d\u016fchod\u011b. M\u011bjte tak n\u011bkoho, na koho se m\u016f\u017eete obr\u00e1tit, a proto vyu\u017eijte na\u0161e slu\u017eby, Nen\u00ed nic lep\u0161\u00edho, ne\u017e kdy\u017e se m\u00e1te na koho obr\u00e1tit a nechat si poradit. [&hellip;]","datePublished":"2025-03-11","dateModified":"2025-03-11","author":{"@type":"Person","@id":"https:\/\/www.onna.cz\/author\/#Person","name":"","url":"https:\/\/www.onna.cz\/author\/","identifier":1,"image":{"@type":"ImageObject","@id":"https:\/\/secure.gravatar.com\/avatar\/40b5f3ce562f556955b189273c919e65fd2efecc17411a60d9172af88d0e5d58?s=96&d=mm&r=g","url":"https:\/\/secure.gravatar.com\/avatar\/40b5f3ce562f556955b189273c919e65fd2efecc17411a60d9172af88d0e5d58?s=96&d=mm&r=g","height":96,"width":96}},"publisher":{"@type":"Organization","name":"onna.cz","logo":{"@type":"ImageObject","@id":"\/logo.png","url":"\/logo.png","width":600,"height":60}},"url":"https:\/\/www.onna.cz\/kdy-do-duchodu\/","wordCount":185,"articleBody":"Zaj\u00edm\u00e1 v\u00e1s, kdy je to nejlep\u0161\u00ed, odej\u00edt do d\u016fchodu? \u010casto obletovan\u00e1 ot\u00e1zka kdy do d\u016fchodu m\u00e1 pro ka\u017ed\u00e9ho jinou odpov\u011b\u010f, co\u017e pozn\u00e1 ka\u017ed\u00fd, a\u017e jednou bude v d\u016fchod\u011b. M\u011bjte tak n\u011bkoho, na koho se m\u016f\u017eete obr\u00e1tit, a proto vyu\u017eijte na\u0161e slu\u017eby, Nen\u00ed nic lep\u0161\u00edho, ne\u017e kdy\u017e se m\u00e1te na koho obr\u00e1tit a nechat si poradit. Pr\u00e1v\u011b v ot\u00e1zce kdy do d\u016fchodu je to velice d\u016fle\u017eit\u00e9, proto\u017ee s v\u00e1mi projedn\u00e1me v\u0161e, co se d\u00e1, abyste m\u011bli jistotu, \u017ee odej\u00edt d\u016fchody tehdy a tehdy je v\u00fdhodn\u011bj\u0161\u00ed, ne\u017e zase jindy. Kvalita slu\u017eeb Nab\u00edz\u00edme v\u00e1m tak kvalitn\u00ed slu\u017eby, kter\u00e9 ji\u017e pomohli n\u011bkolika tis\u00edc\u016fm z\u00e1kazn\u00edk\u016f. Budete tak dal\u0161\u00edmi, kdo si nechal poradit od n\u00e1s, a m\u00e1 tak s ot\u00e1zkou p\u0159ed\u010dasn\u00fd d\u016fchod vystar\u00e1no, a dost mo\u017en\u00e1 u\u017e si libujete ve sv\u00e9m zaslou\u017een\u00e9m odpo\u010dinku.                                                                                                                                                                                                                                                                                                                                                                                        1\/5 - (1 vote)        "},{"@context":"https:\/\/schema.org\/","@type":"BreadcrumbList","itemListElement":[{"@type":"ListItem","position":1,"name":"Kdy do d\u016fchodu","item":"https:\/\/www.onna.cz\/kdy-do-duchodu\/#breadcrumbitem"}]}]