[{"@context":"https:\/\/schema.org\/","@type":"Article","@id":"https:\/\/www.onna.cz\/nadherne-latky\/#Article","mainEntityOfPage":"https:\/\/www.onna.cz\/nadherne-latky\/","headline":"N\u00e1dhern\u00e9 l\u00e1tky","name":"N\u00e1dhern\u00e9 l\u00e1tky","description":"R\u016fzn\u00e9 materi\u00e1ly jsou opravdu perfektn\u00ed a jsem r\u00e1da, \u017ee si \u010dlov\u011bk m\u016f\u017ee po\u0159\u00eddit takov\u00fd materi\u00e1l, kter\u00fd zrovna pot\u0159ebuje. J\u00e1 hodn\u011b pracuji tak\u00e9 s bavlnou anebo se sat\u00e9nem. A v posledn\u00ed dob\u011b je opravdu modern\u00ed krajka. Krajky se\u017eenete nap\u0159\u00edklad na webov\u00e9 str\u00e1nce prima-obchod.cz. Mezi r\u016fzn\u00fdmi produkty najdete tak\u00e9 kvalitn\u00ed a kr\u00e1sn\u00e9 l\u00e1tky, jako nap\u0159\u00edklad krajku nebo [&hellip;]","datePublished":"2024-04-15","dateModified":"2024-05-20","author":{"@type":"Person","@id":"https:\/\/www.onna.cz\/author\/#Person","name":"","url":"https:\/\/www.onna.cz\/author\/","identifier":1,"image":{"@type":"ImageObject","@id":"https:\/\/secure.gravatar.com\/avatar\/40b5f3ce562f556955b189273c919e65fd2efecc17411a60d9172af88d0e5d58?s=96&d=mm&r=g","url":"https:\/\/secure.gravatar.com\/avatar\/40b5f3ce562f556955b189273c919e65fd2efecc17411a60d9172af88d0e5d58?s=96&d=mm&r=g","height":96,"width":96}},"publisher":{"@type":"Organization","name":"onna.cz","logo":{"@type":"ImageObject","@id":"\/logo.png","url":"\/logo.png","width":600,"height":60}},"image":{"@type":"ImageObject","@id":"https:\/\/www.onna.cz\/wp-content\/uploads\/woman-8371978_1280.jpg","url":"https:\/\/www.onna.cz\/wp-content\/uploads\/woman-8371978_1280.jpg","height":0,"width":0},"url":"https:\/\/www.onna.cz\/nadherne-latky\/","about":["Zbo\u017e\u00ed"],"wordCount":438,"articleBody":"   R\u016fzn\u00e9 materi\u00e1ly jsou opravdu perfektn\u00ed a jsem r\u00e1da, \u017ee si \u010dlov\u011bk m\u016f\u017ee po\u0159\u00eddit takov\u00fd materi\u00e1l, kter\u00fd zrovna pot\u0159ebuje. J\u00e1 hodn\u011b pracuji tak\u00e9 s bavlnou anebo se sat\u00e9nem. A v posledn\u00ed dob\u011b je opravdu modern\u00ed krajka. Krajky se\u017eenete nap\u0159\u00edklad na webov\u00e9 str\u00e1nce prima-obchod.cz. Mezi r\u016fzn\u00fdmi produkty najdete tak\u00e9 kvalitn\u00ed a kr\u00e1sn\u00e9 l\u00e1tky, jako nap\u0159\u00edklad krajku nebo madeiru a tak\u00e9 t\u0159\u00e1sn\u011b. Vzpom\u00edn\u00e1m si, \u017ee se d\u0159\u00edve v osmdes\u00e1t\u00fdch letech nosily hlavn\u011b t\u0159\u00e1sn\u011b. T\u0159eba ko\u017een\u00e1 bunda a na tom byly opravdu kr\u00e1sn\u00e9 ko\u017een\u00e9 c\u00e1ry a byly to jako t\u0159\u00e1sn\u011b. Mn\u011b se tohle l\u00edbilo. J\u00e1 jsem tohle je\u0161t\u011b potom nosila na p\u0159elomu tis\u00edcilet\u00ed. A maminka \u0159\u00edkala, \u017ee tohle se nosilo pr\u00e1v\u011b za n\u00ed, kdy\u017e byla mlad\u00e1 a byla osmdes\u00e1t\u00e1 l\u00e9ta. Nyn\u00ed u\u017e se to tak moc nenos\u00ed, ale j\u00e1 pr\u00e1v\u011b v\u011b\u0159\u00edm, \u017ee jednoho dne to op\u011bt bude modern\u00ed. Pokud opravdu r\u00e1di vy\u0161\u00edv\u00e1te a \u0161ijete, tak ur\u010dit\u011b vyu\u017e\u00edv\u00e1te ob\u010das tak\u00e9 n\u011bjak\u00e9 krajky. Krajky se pr\u00e1v\u011b skv\u011ble hod\u00ed se sat\u00e9nem. Vzpom\u00edn\u00e1m si, \u017ee kdy\u017e jsem byla mal\u00e1 hol\u010di\u010dka, tak maminka mi tehdy koupila kr\u00e1sn\u00e9 tmav\u011b \u010derven\u00e9 sat\u00e9nov\u00e9 \u0161ati\u010dky a u kr\u010dku u toho byla kr\u00e1sn\u00e1 b\u00edl\u00e1 krajka. Bylo to opravdu p\u011bkn\u00e9 a tyto \u0161aty m\u00e1m tak\u00e9 na fotografii, kde jsem byla oble\u010den\u00e1 jako host na svatbu. Byly mi mysl\u00edm t\u0159i roky. Pov\u00edm v\u00e1m, \u017ee krajky m\u00e1m opravdu hodn\u011b r\u00e1da, i kdy\u017e mnoho lid\u00ed \u0159\u00edk\u00e1, \u017ee krajky u\u017e jsou takov\u00e9 hodn\u011b zastaral\u00e9 a \u017ee nejsou modern\u00ed, tak podle m\u00e9ho n\u00e1zoru tohle nen\u00ed v\u016fbec \u017e\u00e1dn\u00e1 pravda. V\u017edy\u0165 p\u0159eci na spodn\u00edm pr\u00e1dle se krajky nos\u00ed a p\u0159ijde to ka\u017ed\u00e9mu erotick\u00e9, j\u00e1 zase na spodn\u00edm pr\u00e1dle nem\u00e1m r\u00e1da krajku, proto\u017ee m\u011b to \u0161kr\u00e1be a pod tri\u010dkem to jde vid\u011bt. Ale zase krajku m\u00e1m r\u00e1da t\u0159eba na svetru anebo na tri\u010dku. Kdy\u017e to takhle vypad\u00e1 kr\u00e1sn\u011b ozdoben\u00e9. Krajka jako ozdoba a dekorace je opravdu modern\u00ed a hod\u00ed se ke v\u0161emu, proto\u017ee krajka je st\u00e1le neokoukan\u00e1. I kdy\u017e je opravdu hodn\u011b star\u00e1 a je tady u\u017e n\u011bkolik stovek let, tak nikdy nevyjde z m\u00f3dy. I kdy\u017e mnoho lid\u00ed si to mysl\u00ed, \u017ee se to nenos\u00ed, tak opak je pravdou.                                                                                                                                                                                                                                                                                                                                                                                           4.7\/5 - (4 votes)        "},{"@context":"https:\/\/schema.org\/","@type":"BreadcrumbList","itemListElement":[{"@type":"ListItem","position":1,"name":"N\u00e1dhern\u00e9 l\u00e1tky","item":"https:\/\/www.onna.cz\/nadherne-latky\/#breadcrumbitem"}]}]